{"id":11,"date":"2026-04-27T20:26:16","date_gmt":"2026-04-27T20:26:16","guid":{"rendered":"https:\/\/panoramalavrense.com.br\/noticias\/?p=11"},"modified":"2026-04-27T20:26:16","modified_gmt":"2026-04-27T20:26:16","slug":"ibare-eleita-a-nova-diretoria-do-centro-comunitario","status":"publish","type":"post","link":"https:\/\/panoramalavrense.com.br\/noticias\/ibare-eleita-a-nova-diretoria-do-centro-comunitario\/","title":{"rendered":"IBAR\u00c9: Eleita a nova diretoria do Centro Comunit\u00e1rio"},"content":{"rendered":"<div class=\"post-header\">\n<div>\n<figure id=\"attachment_12\" aria-describedby=\"caption-attachment-12\" style=\"width: 687px\" class=\"wp-caption aligncenter\"><a href=\"https:\/\/panoramalavrense.com.br\/noticias\/wp-content\/uploads\/2026\/04\/ibare18.jpg\"><img loading=\"lazy\" decoding=\"async\" class=\"wp-image-12 size-full\" src=\"https:\/\/panoramalavrense.com.br\/noticias\/wp-content\/uploads\/2026\/04\/ibare18.jpg\" alt=\"\" width=\"687\" height=\"620\" srcset=\"https:\/\/panoramalavrense.com.br\/noticias\/wp-content\/uploads\/2026\/04\/ibare18.jpg 687w, https:\/\/panoramalavrense.com.br\/noticias\/wp-content\/uploads\/2026\/04\/ibare18-300x271.jpg 300w\" sizes=\"auto, (max-width: 687px) 100vw, 687px\" \/><\/a><figcaption id=\"caption-attachment-12\" class=\"wp-caption-text\">Imagem ilustrativa \/ Arquivo &#8211; Panorama Lavrense<\/figcaption><\/figure>\n<\/div>\n<div><\/div>\n<div class=\"post-header-line-1\">A Chapa 1 (Augusto Vaz Cortes presidente e Sinval Teixeira vice-presidente) vence a elei\u00e7\u00e3o do Centro Comunit\u00e1rio local, ocorrida neste s\u00e1bado (18), com 119 votos (do total de 201). A Chapa 2 (Diego Marques, presidente e S\u00e9rgio Miller vice-presidente) obteve 82 votos.<\/div>\n<\/div>\n","protected":false},"excerpt":{"rendered":"<p>A Chapa 1 (Augusto Vaz Cortes presidente e Sinval Teixeira vice-presidente) vence a elei\u00e7\u00e3o do Centro Comunit\u00e1rio local, ocorrida neste s\u00e1bado (18), com 119 votos (do total de 201). A Chapa 2 (Diego Marques, presidente e S\u00e9rgio Miller vice-presidente) obteve 82 votos.<\/p>\n","protected":false},"author":1,"featured_media":0,"comment_status":"open","ping_status":"open","sticky":false,"template":"","format":"standard","meta":{"footnotes":""},"categories":[6,5,3],"tags":[],"class_list":["post-11","post","type-post","status-publish","format-standard","hentry","category-comunidade","category-ibare","category-noticias"],"_links":{"self":[{"href":"https:\/\/panoramalavrense.com.br\/noticias\/wp-json\/wp\/v2\/posts\/11","targetHints":{"allow":["GET"]}}],"collection":[{"href":"https:\/\/panoramalavrense.com.br\/noticias\/wp-json\/wp\/v2\/posts"}],"about":[{"href":"https:\/\/panoramalavrense.com.br\/noticias\/wp-json\/wp\/v2\/types\/post"}],"author":[{"embeddable":true,"href":"https:\/\/panoramalavrense.com.br\/noticias\/wp-json\/wp\/v2\/users\/1"}],"replies":[{"embeddable":true,"href":"https:\/\/panoramalavrense.com.br\/noticias\/wp-json\/wp\/v2\/comments?post=11"}],"version-history":[{"count":1,"href":"https:\/\/panoramalavrense.com.br\/noticias\/wp-json\/wp\/v2\/posts\/11\/revisions"}],"predecessor-version":[{"id":13,"href":"https:\/\/panoramalavrense.com.br\/noticias\/wp-json\/wp\/v2\/posts\/11\/revisions\/13"}],"wp:attachment":[{"href":"https:\/\/panoramalavrense.com.br\/noticias\/wp-json\/wp\/v2\/media?parent=11"}],"wp:term":[{"taxonomy":"category","embeddable":true,"href":"https:\/\/panoramalavrense.com.br\/noticias\/wp-json\/wp\/v2\/categories?post=11"},{"taxonomy":"post_tag","embeddable":true,"href":"https:\/\/panoramalavrense.com.br\/noticias\/wp-json\/wp\/v2\/tags?post=11"}],"curies":[{"name":"wp","href":"https:\/\/api.w.org\/{rel}","templated":true}]}}