{"id":15,"date":"2026-04-27T20:29:07","date_gmt":"2026-04-27T20:29:07","guid":{"rendered":"https:\/\/panoramalavrense.com.br\/noticias\/?p=15"},"modified":"2026-04-27T20:29:07","modified_gmt":"2026-04-27T20:29:07","slug":"noticias-fuga-de-detentos-do-sistema-prisional-de-cacapava-do-sul-coloca-cidade-e-regiao-em-alerta","status":"publish","type":"post","link":"https:\/\/panoramalavrense.com.br\/noticias\/noticias-fuga-de-detentos-do-sistema-prisional-de-cacapava-do-sul-coloca-cidade-e-regiao-em-alerta\/","title":{"rendered":"NOT\u00cdCIAS: Fuga de detentos do sistema prisional de Ca\u00e7apava do Sul coloca cidade e regi\u00e3o em alerta"},"content":{"rendered":"<figure id=\"attachment_16\" aria-describedby=\"caption-attachment-16\" style=\"width: 1080px\" class=\"wp-caption aligncenter\"><a href=\"https:\/\/panoramalavrense.com.br\/noticias\/wp-content\/uploads\/2026\/04\/677984526_122251831622269064_2516324521529359222_n.jpg\"><img loading=\"lazy\" decoding=\"async\" class=\"size-full wp-image-16\" src=\"https:\/\/panoramalavrense.com.br\/noticias\/wp-content\/uploads\/2026\/04\/677984526_122251831622269064_2516324521529359222_n.jpg\" alt=\"\" width=\"1080\" height=\"1080\" srcset=\"https:\/\/panoramalavrense.com.br\/noticias\/wp-content\/uploads\/2026\/04\/677984526_122251831622269064_2516324521529359222_n.jpg 1080w, https:\/\/panoramalavrense.com.br\/noticias\/wp-content\/uploads\/2026\/04\/677984526_122251831622269064_2516324521529359222_n-300x300.jpg 300w, https:\/\/panoramalavrense.com.br\/noticias\/wp-content\/uploads\/2026\/04\/677984526_122251831622269064_2516324521529359222_n-1024x1024.jpg 1024w, https:\/\/panoramalavrense.com.br\/noticias\/wp-content\/uploads\/2026\/04\/677984526_122251831622269064_2516324521529359222_n-150x150.jpg 150w, https:\/\/panoramalavrense.com.br\/noticias\/wp-content\/uploads\/2026\/04\/677984526_122251831622269064_2516324521529359222_n-768x768.jpg 768w\" sizes=\"auto, (max-width: 1080px) 100vw, 1080px\" \/><\/a><figcaption id=\"caption-attachment-16\" class=\"wp-caption-text\">FONTE: Lavras Comercial \/ Facebook<\/figcaption><\/figure>\n<p>&nbsp;<\/p>\n<p>Quatro detentos fugiram do sistema prisional de Ca\u00e7apava do Sul na \u00faltima sexta-feira, mobilizando for\u00e7as de seguran\u00e7a da regi\u00e3o. At\u00e9 o momento, n\u00e3o h\u00e1 confirma\u00e7\u00e3o oficial sobre a recaptura dos indiv\u00edduos, e as buscas seguem em andamento.<\/p>\n<p>A Brigada Militar e demais \u00f3rg\u00e3os de seguran\u00e7a pedem a colabora\u00e7\u00e3o da popula\u00e7\u00e3o. Qualquer informa\u00e7\u00e3o que possa auxiliar na localiza\u00e7\u00e3o dos foragidos deve ser comunicada imediatamente \u00e0s autoridades, por meio dos canais oficiais de den\u00fancia.<\/p>\n<p>FONTE: Lavras Comercial \/ Facebook.<\/p>\n","protected":false},"excerpt":{"rendered":"<p>&nbsp; Quatro detentos fugiram do sistema prisional de Ca\u00e7apava do Sul na \u00faltima sexta-feira, mobilizando for\u00e7as de seguran\u00e7a da regi\u00e3o. At\u00e9 o momento, n\u00e3o h\u00e1 confirma\u00e7\u00e3o oficial sobre a recaptura dos indiv\u00edduos, e as buscas seguem em andamento. A Brigada Militar e demais \u00f3rg\u00e3os de seguran\u00e7a pedem a colabora\u00e7\u00e3o da popula\u00e7\u00e3o. Qualquer informa\u00e7\u00e3o que possa &hellip; <a href=\"https:\/\/panoramalavrense.com.br\/noticias\/noticias-fuga-de-detentos-do-sistema-prisional-de-cacapava-do-sul-coloca-cidade-e-regiao-em-alerta\/\" class=\"more-link\">Continue lendo <span class=\"screen-reader-text\">NOT\u00cdCIAS: Fuga de detentos do sistema prisional de Ca\u00e7apava do Sul coloca cidade e regi\u00e3o em alerta<\/span> <span class=\"meta-nav\">&rarr;<\/span><\/a><\/p>\n","protected":false},"author":1,"featured_media":0,"comment_status":"open","ping_status":"open","sticky":false,"template":"","format":"standard","meta":{"footnotes":""},"categories":[3,7],"tags":[],"class_list":["post-15","post","type-post","status-publish","format-standard","hentry","category-noticias","category-regiao"],"_links":{"self":[{"href":"https:\/\/panoramalavrense.com.br\/noticias\/wp-json\/wp\/v2\/posts\/15","targetHints":{"allow":["GET"]}}],"collection":[{"href":"https:\/\/panoramalavrense.com.br\/noticias\/wp-json\/wp\/v2\/posts"}],"about":[{"href":"https:\/\/panoramalavrense.com.br\/noticias\/wp-json\/wp\/v2\/types\/post"}],"author":[{"embeddable":true,"href":"https:\/\/panoramalavrense.com.br\/noticias\/wp-json\/wp\/v2\/users\/1"}],"replies":[{"embeddable":true,"href":"https:\/\/panoramalavrense.com.br\/noticias\/wp-json\/wp\/v2\/comments?post=15"}],"version-history":[{"count":1,"href":"https:\/\/panoramalavrense.com.br\/noticias\/wp-json\/wp\/v2\/posts\/15\/revisions"}],"predecessor-version":[{"id":17,"href":"https:\/\/panoramalavrense.com.br\/noticias\/wp-json\/wp\/v2\/posts\/15\/revisions\/17"}],"wp:attachment":[{"href":"https:\/\/panoramalavrense.com.br\/noticias\/wp-json\/wp\/v2\/media?parent=15"}],"wp:term":[{"taxonomy":"category","embeddable":true,"href":"https:\/\/panoramalavrense.com.br\/noticias\/wp-json\/wp\/v2\/categories?post=15"},{"taxonomy":"post_tag","embeddable":true,"href":"https:\/\/panoramalavrense.com.br\/noticias\/wp-json\/wp\/v2\/tags?post=15"}],"curies":[{"name":"wp","href":"https:\/\/api.w.org\/{rel}","templated":true}]}}