{"id":18,"date":"2026-04-27T20:33:18","date_gmt":"2026-04-27T20:33:18","guid":{"rendered":"https:\/\/panoramalavrense.com.br\/noticias\/?p=18"},"modified":"2026-04-27T20:33:18","modified_gmt":"2026-04-27T20:33:18","slug":"saude-acoes-e-prestacao-de-contas-da-secretaria-municipal-de-saude-de-lavras-do-sul","status":"publish","type":"post","link":"https:\/\/panoramalavrense.com.br\/noticias\/saude-acoes-e-prestacao-de-contas-da-secretaria-municipal-de-saude-de-lavras-do-sul\/","title":{"rendered":"SA\u00daDE: A\u00e7\u00f5es e presta\u00e7\u00e3o de contas da Secretaria Municipal de Sa\u00fade de Lavras do Sul"},"content":{"rendered":"<div>\n<figure id=\"attachment_19\" aria-describedby=\"caption-attachment-19\" style=\"width: 1077px\" class=\"wp-caption aligncenter\"><a href=\"https:\/\/panoramalavrense.com.br\/noticias\/wp-content\/uploads\/2026\/04\/611677725_1343245874511121_7686505000167294192_n.jpg\"><img loading=\"lazy\" decoding=\"async\" class=\"wp-image-19 size-full\" src=\"https:\/\/panoramalavrense.com.br\/noticias\/wp-content\/uploads\/2026\/04\/611677725_1343245874511121_7686505000167294192_n.jpg\" alt=\"\" width=\"1077\" height=\"962\" srcset=\"https:\/\/panoramalavrense.com.br\/noticias\/wp-content\/uploads\/2026\/04\/611677725_1343245874511121_7686505000167294192_n.jpg 1077w, https:\/\/panoramalavrense.com.br\/noticias\/wp-content\/uploads\/2026\/04\/611677725_1343245874511121_7686505000167294192_n-300x268.jpg 300w, https:\/\/panoramalavrense.com.br\/noticias\/wp-content\/uploads\/2026\/04\/611677725_1343245874511121_7686505000167294192_n-1024x915.jpg 1024w, https:\/\/panoramalavrense.com.br\/noticias\/wp-content\/uploads\/2026\/04\/611677725_1343245874511121_7686505000167294192_n-768x686.jpg 768w\" sizes=\"auto, (max-width: 1077px) 100vw, 1077px\" \/><\/a><figcaption id=\"caption-attachment-19\" class=\"wp-caption-text\">FOTO: Reprodu\u00e7\u00e3o \/ Prefeitura de Lavras do Sul \/ Facebook (imagem meramente ilustrativa)<\/figcaption><\/figure>\n<\/div>\n<div><\/div>\n<p>A seguir, alguns itens da presta\u00e7\u00e3o de contas e atividades da Secretaria Municipal de Sa\u00fade em 2025, por parte de Diego Afonso, secret\u00e1rio e titular da pasta, \u00e0 C\u00e2mara de Vereadores de Lavras do Sul, no dia 16 de mar\u00e7o de 2026 (<a href=\"https:\/\/www.youtube.com\/watch?v=Kq-nnYZrx9E\" target=\"_blank\" rel=\"noopener\">V\u00cdDEO COMPLETO AQUI<\/a>).<\/p>\n<p>Em 2025 e 2026, a Secretaria Municipal de Sa\u00fade de Lavras do Sul, coordenada por Diego Afonso, realizou, dentre diversas a\u00e7\u00f5es, 12 mil atendimentos m\u00e9dicos, atendimento cont\u00ednuo \u00e0 popula\u00e7\u00e3o e aten\u00e7\u00e3o b\u00e1sica, al\u00e9m de capacita\u00e7\u00f5es e consolida\u00e7\u00e3o de conv\u00eanio com hospitais da regi\u00e3o.<\/p>\n<p>No ano de 2025, foram feitas a\u00e7\u00f5es nas escolas, com no\u00e7\u00f5es de sa\u00fade bucal, al\u00e9m da retomada dos atendimentos odontol\u00f3gicos. H\u00e1 parcerias com a iniciativa privada visando o cuidado das instala\u00e7\u00f5es das Unidades de Sa\u00fade.<\/p>\n<p>Durante a semana, as equipes da SMS visitam os postos de sa\u00fade (tamb\u00e9m UBS &#8211; Unidades B\u00e1sicas de Sa\u00fade) da Olaria, Promorar, Central, UBS Prisional e atendimento no Ibar\u00e9.<\/p>\n<p>Mais de 6 mil doses de vacinas foram aplicadas no ano, com imuniza\u00e7\u00f5es em domic\u00edlios e escolas. Tamb\u00e9m h\u00e1 presen\u00e7a de profissionais da sa\u00fade de outros munic\u00edpios, como oftalmologistas, traumatologistas, ginecologistas, psic\u00f3logos, nutricionistas e pediatras, al\u00e9m de parcerias com o Hospital Victor Lang (de Ca\u00e7apava).<\/p>\n<p>Lavras do Sul tamb\u00e9m \u00e9 refer\u00eancia na regi\u00e3o como agente de endemias (18 mil atendimentos em 2025, considerado refer\u00eancia na regi\u00e3o, de acordo com a Coordenadoria Regional de Sa\u00fade &#8211; Bag\u00e9).<\/p>\n<p>Em 2025, as castra\u00e7\u00f5es foram retomadas, sob o comando da Dr\u00aa. Evelise D&#8217;Avila (entre setembro e dezembro, foram 700 atendimentos em zoonoses e 317 castra\u00e7\u00f5es). Se realiza conscientiza\u00e7\u00e3o nas escolas para a bem estar e o compromisso com os animais dom\u00e9sticos.<\/p>\n<p>O programa Primeira Inf\u00e2ncia Melhor (PIM) atende 51 crian\u00e7as lavrenses em 2025, em um trabalho conjunto de diversas secretarias locais, acompanhando dentro da resid\u00eancia, evolu\u00e7\u00e3o e vida escolar.<\/p>\n<p>As campanhas de preven\u00e7\u00e3o de sa\u00fade em Lavras do Sul s\u00e3o realizadas com a premissa de que &#8220;\u00e9 mais f\u00e1cil e barato prevenir do que tratar&#8221;, segundo palavas de Diego Afonso \u00e0 C\u00e2mara Municipal de Vereadores.<\/p>\n<p>Outra iniciativa bem sucedida na sa\u00fade dos lavrenses \u00e9 o projeto Mais Sa\u00fade, que leva qualidade de vida a pelo menos 60 participantes da terceira idade, atrav\u00e9s de atividades f\u00edsicas, gratuitamente, com a presen\u00e7a de profissionais de Educa\u00e7\u00e3o Fisica e fisioterapia, realizadas semanalmente no Gin\u00e1sio Municipal de Esportes Fernando Pellizzer Teixeira.<\/p>\n<p>A SMS tamb\u00e9m d\u00e1 suporte em rodeios, jogos, eventos populares, futebol, Carnaval, mas claro, os plantonistas da Secretaria torcem para que n\u00e3o haja ocorr\u00eancias.<\/p>\n<p>Tamb\u00e9m h\u00e1 uma dedicada atua\u00e7\u00e3o dos profissionais da SMS no interior do munic\u00edpio, com visitas que superando as estradas de ch\u00e3o, para o atendimento at\u00e9 as regi\u00f5es e comunidades mais distantes, nos 2.600 km\u00b2 de \u00e1rea de Lavras do Sul<\/p>\n<p>Atualmente (2025\/2026), cerca de 25% do or\u00e7amento do munic\u00edpio \u00e9 empregado para a \u00e1rea da sa\u00fade, segundo o Secret\u00e1rio Diego Afonso.<\/p>\n","protected":false},"excerpt":{"rendered":"<p>A seguir, alguns itens da presta\u00e7\u00e3o de contas e atividades da Secretaria Municipal de Sa\u00fade em 2025, por parte de Diego Afonso, secret\u00e1rio e titular da pasta, \u00e0 C\u00e2mara de Vereadores de Lavras do Sul, no dia 16 de mar\u00e7o de 2026 (V\u00cdDEO COMPLETO AQUI). Em 2025 e 2026, a Secretaria Municipal de Sa\u00fade de &hellip; <a href=\"https:\/\/panoramalavrense.com.br\/noticias\/saude-acoes-e-prestacao-de-contas-da-secretaria-municipal-de-saude-de-lavras-do-sul\/\" class=\"more-link\">Continue lendo <span class=\"screen-reader-text\">SA\u00daDE: A\u00e7\u00f5es e presta\u00e7\u00e3o de contas da Secretaria Municipal de Sa\u00fade de Lavras do Sul<\/span> <span class=\"meta-nav\">&rarr;<\/span><\/a><\/p>\n","protected":false},"author":1,"featured_media":0,"comment_status":"open","ping_status":"open","sticky":false,"template":"","format":"standard","meta":{"footnotes":""},"categories":[8,9],"tags":[],"class_list":["post-18","post","type-post","status-publish","format-standard","hentry","category-saude","category-secretarias"],"_links":{"self":[{"href":"https:\/\/panoramalavrense.com.br\/noticias\/wp-json\/wp\/v2\/posts\/18","targetHints":{"allow":["GET"]}}],"collection":[{"href":"https:\/\/panoramalavrense.com.br\/noticias\/wp-json\/wp\/v2\/posts"}],"about":[{"href":"https:\/\/panoramalavrense.com.br\/noticias\/wp-json\/wp\/v2\/types\/post"}],"author":[{"embeddable":true,"href":"https:\/\/panoramalavrense.com.br\/noticias\/wp-json\/wp\/v2\/users\/1"}],"replies":[{"embeddable":true,"href":"https:\/\/panoramalavrense.com.br\/noticias\/wp-json\/wp\/v2\/comments?post=18"}],"version-history":[{"count":1,"href":"https:\/\/panoramalavrense.com.br\/noticias\/wp-json\/wp\/v2\/posts\/18\/revisions"}],"predecessor-version":[{"id":20,"href":"https:\/\/panoramalavrense.com.br\/noticias\/wp-json\/wp\/v2\/posts\/18\/revisions\/20"}],"wp:attachment":[{"href":"https:\/\/panoramalavrense.com.br\/noticias\/wp-json\/wp\/v2\/media?parent=18"}],"wp:term":[{"taxonomy":"category","embeddable":true,"href":"https:\/\/panoramalavrense.com.br\/noticias\/wp-json\/wp\/v2\/categories?post=18"},{"taxonomy":"post_tag","embeddable":true,"href":"https:\/\/panoramalavrense.com.br\/noticias\/wp-json\/wp\/v2\/tags?post=18"}],"curies":[{"name":"wp","href":"https:\/\/api.w.org\/{rel}","templated":true}]}}