{"id":29,"date":"2026-04-27T21:38:07","date_gmt":"2026-04-27T21:38:07","guid":{"rendered":"https:\/\/panoramalavrense.com.br\/noticias\/?p=29"},"modified":"2026-04-27T21:38:57","modified_gmt":"2026-04-27T21:38:57","slug":"eventos-apae-lavras-do-sul-realizara-quermesse-em-31-5","status":"publish","type":"post","link":"https:\/\/panoramalavrense.com.br\/noticias\/eventos-apae-lavras-do-sul-realizara-quermesse-em-31-5\/","title":{"rendered":"EVENTOS: APAE Lavras do Sul realizar\u00e1 quermesse em 31\/5"},"content":{"rendered":"<p><a href=\"https:\/\/panoramalavrense.com.br\/noticias\/wp-content\/uploads\/2026\/04\/679833920_122116998651241085_3100590908853642569_n.jpg\"><img loading=\"lazy\" decoding=\"async\" class=\"aligncenter size-full wp-image-30\" src=\"https:\/\/panoramalavrense.com.br\/noticias\/wp-content\/uploads\/2026\/04\/679833920_122116998651241085_3100590908853642569_n.jpg\" alt=\"\" width=\"1080\" height=\"1350\" srcset=\"https:\/\/panoramalavrense.com.br\/noticias\/wp-content\/uploads\/2026\/04\/679833920_122116998651241085_3100590908853642569_n.jpg 1080w, https:\/\/panoramalavrense.com.br\/noticias\/wp-content\/uploads\/2026\/04\/679833920_122116998651241085_3100590908853642569_n-240x300.jpg 240w, https:\/\/panoramalavrense.com.br\/noticias\/wp-content\/uploads\/2026\/04\/679833920_122116998651241085_3100590908853642569_n-819x1024.jpg 819w, https:\/\/panoramalavrense.com.br\/noticias\/wp-content\/uploads\/2026\/04\/679833920_122116998651241085_3100590908853642569_n-768x960.jpg 768w\" sizes=\"auto, (max-width: 1080px) 100vw, 1080px\" \/><\/a><\/p>\n<p>A APAE Lavras do Sul j\u00e1 est\u00e1 preparando uma grande quermesse para o dia 31 de maio (domingo), em sua sede, na Rua Dr. Jo\u00e3o Bulc\u00e3o. O evento abre a temporada de quermesses em Lavras do Sul.<\/p>\n<p>Aguardem mais informa\u00e7\u00f5es!<\/p>\n","protected":false},"excerpt":{"rendered":"<p>A APAE Lavras do Sul j\u00e1 est\u00e1 preparando uma grande quermesse para o dia 31 de maio (domingo), em sua sede, na Rua Dr. Jo\u00e3o Bulc\u00e3o. O evento abre a temporada de quermesses em Lavras do Sul. Aguardem mais informa\u00e7\u00f5es!<\/p>\n","protected":false},"author":1,"featured_media":0,"comment_status":"open","ping_status":"open","sticky":false,"template":"","format":"standard","meta":{"footnotes":""},"categories":[14,12,13,11],"tags":[],"class_list":["post-29","post","type-post","status-publish","format-standard","hentry","category-educacao","category-eventos","category-festas-juninas","category-solidariedade"],"_links":{"self":[{"href":"https:\/\/panoramalavrense.com.br\/noticias\/wp-json\/wp\/v2\/posts\/29","targetHints":{"allow":["GET"]}}],"collection":[{"href":"https:\/\/panoramalavrense.com.br\/noticias\/wp-json\/wp\/v2\/posts"}],"about":[{"href":"https:\/\/panoramalavrense.com.br\/noticias\/wp-json\/wp\/v2\/types\/post"}],"author":[{"embeddable":true,"href":"https:\/\/panoramalavrense.com.br\/noticias\/wp-json\/wp\/v2\/users\/1"}],"replies":[{"embeddable":true,"href":"https:\/\/panoramalavrense.com.br\/noticias\/wp-json\/wp\/v2\/comments?post=29"}],"version-history":[{"count":2,"href":"https:\/\/panoramalavrense.com.br\/noticias\/wp-json\/wp\/v2\/posts\/29\/revisions"}],"predecessor-version":[{"id":32,"href":"https:\/\/panoramalavrense.com.br\/noticias\/wp-json\/wp\/v2\/posts\/29\/revisions\/32"}],"wp:attachment":[{"href":"https:\/\/panoramalavrense.com.br\/noticias\/wp-json\/wp\/v2\/media?parent=29"}],"wp:term":[{"taxonomy":"category","embeddable":true,"href":"https:\/\/panoramalavrense.com.br\/noticias\/wp-json\/wp\/v2\/categories?post=29"},{"taxonomy":"post_tag","embeddable":true,"href":"https:\/\/panoramalavrense.com.br\/noticias\/wp-json\/wp\/v2\/tags?post=29"}],"curies":[{"name":"wp","href":"https:\/\/api.w.org\/{rel}","templated":true}]}}