{"id":34,"date":"2026-04-27T23:49:57","date_gmt":"2026-04-27T23:49:57","guid":{"rendered":"https:\/\/panoramalavrense.com.br\/noticias\/?p=34"},"modified":"2026-04-27T23:49:57","modified_gmt":"2026-04-27T23:49:57","slug":"noticias-policiais-penais-de-lavras-do-sul-ajudam-na-recaptura-dos-detentos-do-presidio-de-cacapava-do-sul","status":"publish","type":"post","link":"https:\/\/panoramalavrense.com.br\/noticias\/noticias-policiais-penais-de-lavras-do-sul-ajudam-na-recaptura-dos-detentos-do-presidio-de-cacapava-do-sul\/","title":{"rendered":"NOT\u00cdCIAS: Policiais penais de Lavras do Sul ajudam na recaptura dos detentos do Pres\u00eddio de Ca\u00e7apava do Sul"},"content":{"rendered":"<p><a href=\"https:\/\/panoramalavrense.com.br\/noticias\/wp-content\/uploads\/2026\/04\/680833915_122272490354062561_1684280855949817823_n.jpg\"><img loading=\"lazy\" decoding=\"async\" class=\"aligncenter size-full wp-image-35\" src=\"https:\/\/panoramalavrense.com.br\/noticias\/wp-content\/uploads\/2026\/04\/680833915_122272490354062561_1684280855949817823_n.jpg\" alt=\"\" width=\"1080\" height=\"1080\" srcset=\"https:\/\/panoramalavrense.com.br\/noticias\/wp-content\/uploads\/2026\/04\/680833915_122272490354062561_1684280855949817823_n.jpg 1080w, https:\/\/panoramalavrense.com.br\/noticias\/wp-content\/uploads\/2026\/04\/680833915_122272490354062561_1684280855949817823_n-300x300.jpg 300w, https:\/\/panoramalavrense.com.br\/noticias\/wp-content\/uploads\/2026\/04\/680833915_122272490354062561_1684280855949817823_n-1024x1024.jpg 1024w, https:\/\/panoramalavrense.com.br\/noticias\/wp-content\/uploads\/2026\/04\/680833915_122272490354062561_1684280855949817823_n-150x150.jpg 150w, https:\/\/panoramalavrense.com.br\/noticias\/wp-content\/uploads\/2026\/04\/680833915_122272490354062561_1684280855949817823_n-768x768.jpg 768w\" sizes=\"auto, (max-width: 1080px) 100vw, 1080px\" \/><\/a><\/p>\n<p>A Pol\u00edcia Penal segue atuando na recaptura dos quatro detentos que fugiram do Pres\u00eddio Estadual de Ca\u00e7apava do Sul. At\u00e9 o momento, tr\u00eas dos foragidos j\u00e1 foram localizados. Um dos indiv\u00edduos se apresentou voluntariamente no \u00faltimo s\u00e1bado.<\/p>\n<p>J\u00e1 nesta segunda-feira, com apoio de policiais penais de Lavras, outros dois foram capturados em a\u00e7\u00f5es distintas: um pela manh\u00e3, na Vila Progresso, onde estava escondido em uma resid\u00eancia, e outro no per\u00edodo da tarde, na Vila Sul.<\/p>\n<p>Com isso, apenas um fugitivo (Bruno Da Rosa Padilha) segue foragido. Segundo informa\u00e7\u00f5es, ele foi visto pela \u00faltima vez em imagens de c\u00e2meras de seguran\u00e7a, deslocando-se em dire\u00e7\u00e3o ao munic\u00edpio de S\u00e3o Sep\u00e9.<\/p>\n<p>A opera\u00e7\u00e3o de recaptura contou com a atua\u00e7\u00e3o integrada de equipes da Pol\u00edcia Penal de Santa Maria, Ca\u00e7apava do Sul, Porto Alegre (GAES) e Lavras do Sul.<\/p>\n<p>A qualquer momento, novas atualiza\u00e7\u00f5es.<\/p>\n<p>FONTE: Lavras Comercial \/ Facebook.<\/p>\n","protected":false},"excerpt":{"rendered":"<p>A Pol\u00edcia Penal segue atuando na recaptura dos quatro detentos que fugiram do Pres\u00eddio Estadual de Ca\u00e7apava do Sul. At\u00e9 o momento, tr\u00eas dos foragidos j\u00e1 foram localizados. Um dos indiv\u00edduos se apresentou voluntariamente no \u00faltimo s\u00e1bado. J\u00e1 nesta segunda-feira, com apoio de policiais penais de Lavras, outros dois foram capturados em a\u00e7\u00f5es distintas: um &hellip; <a href=\"https:\/\/panoramalavrense.com.br\/noticias\/noticias-policiais-penais-de-lavras-do-sul-ajudam-na-recaptura-dos-detentos-do-presidio-de-cacapava-do-sul\/\" class=\"more-link\">Continue lendo <span class=\"screen-reader-text\">NOT\u00cdCIAS: Policiais penais de Lavras do Sul ajudam na recaptura dos detentos do Pres\u00eddio de Ca\u00e7apava do Sul<\/span> <span class=\"meta-nav\">&rarr;<\/span><\/a><\/p>\n","protected":false},"author":1,"featured_media":0,"comment_status":"open","ping_status":"open","sticky":false,"template":"","format":"standard","meta":{"footnotes":""},"categories":[3],"tags":[],"class_list":["post-34","post","type-post","status-publish","format-standard","hentry","category-noticias"],"_links":{"self":[{"href":"https:\/\/panoramalavrense.com.br\/noticias\/wp-json\/wp\/v2\/posts\/34","targetHints":{"allow":["GET"]}}],"collection":[{"href":"https:\/\/panoramalavrense.com.br\/noticias\/wp-json\/wp\/v2\/posts"}],"about":[{"href":"https:\/\/panoramalavrense.com.br\/noticias\/wp-json\/wp\/v2\/types\/post"}],"author":[{"embeddable":true,"href":"https:\/\/panoramalavrense.com.br\/noticias\/wp-json\/wp\/v2\/users\/1"}],"replies":[{"embeddable":true,"href":"https:\/\/panoramalavrense.com.br\/noticias\/wp-json\/wp\/v2\/comments?post=34"}],"version-history":[{"count":1,"href":"https:\/\/panoramalavrense.com.br\/noticias\/wp-json\/wp\/v2\/posts\/34\/revisions"}],"predecessor-version":[{"id":36,"href":"https:\/\/panoramalavrense.com.br\/noticias\/wp-json\/wp\/v2\/posts\/34\/revisions\/36"}],"wp:attachment":[{"href":"https:\/\/panoramalavrense.com.br\/noticias\/wp-json\/wp\/v2\/media?parent=34"}],"wp:term":[{"taxonomy":"category","embeddable":true,"href":"https:\/\/panoramalavrense.com.br\/noticias\/wp-json\/wp\/v2\/categories?post=34"},{"taxonomy":"post_tag","embeddable":true,"href":"https:\/\/panoramalavrense.com.br\/noticias\/wp-json\/wp\/v2\/tags?post=34"}],"curies":[{"name":"wp","href":"https:\/\/api.w.org\/{rel}","templated":true}]}}