{"id":37,"date":"2026-04-28T01:53:01","date_gmt":"2026-04-28T01:53:01","guid":{"rendered":"https:\/\/panoramalavrense.com.br\/noticias\/?p=37"},"modified":"2026-04-28T01:53:14","modified_gmt":"2026-04-28T01:53:14","slug":"comunidade-curso-de-artesanato-na-comunidade-da-olaria-promovido-por-amigas-arteiras","status":"publish","type":"post","link":"https:\/\/panoramalavrense.com.br\/noticias\/comunidade-curso-de-artesanato-na-comunidade-da-olaria-promovido-por-amigas-arteiras\/","title":{"rendered":"COMUNIDADE: Curso de Artesanato na Comunidade\u00a0da Olaria, promovido por Amigas Arteiras"},"content":{"rendered":"<p><a href=\"https:\/\/panoramalavrense.com.br\/noticias\/wp-content\/uploads\/2026\/04\/683964595_1017516403960887_3008454996510612686_n.jpg\"><img loading=\"lazy\" decoding=\"async\" class=\"aligncenter size-full wp-image-38\" src=\"https:\/\/panoramalavrense.com.br\/noticias\/wp-content\/uploads\/2026\/04\/683964595_1017516403960887_3008454996510612686_n.jpg\" alt=\"\" width=\"1024\" height=\"1536\" srcset=\"https:\/\/panoramalavrense.com.br\/noticias\/wp-content\/uploads\/2026\/04\/683964595_1017516403960887_3008454996510612686_n.jpg 1024w, https:\/\/panoramalavrense.com.br\/noticias\/wp-content\/uploads\/2026\/04\/683964595_1017516403960887_3008454996510612686_n-200x300.jpg 200w, https:\/\/panoramalavrense.com.br\/noticias\/wp-content\/uploads\/2026\/04\/683964595_1017516403960887_3008454996510612686_n-683x1024.jpg 683w, https:\/\/panoramalavrense.com.br\/noticias\/wp-content\/uploads\/2026\/04\/683964595_1017516403960887_3008454996510612686_n-768x1152.jpg 768w\" sizes=\"auto, (max-width: 1024px) 100vw, 1024px\" \/><\/a><\/p>\n<p>Promovido pelas Amigas Arteiras, o curso ocorre nos dias 13, 20 e 27 de maio, das 14h30 \u00e0s 17h, na \u00a0Rua Claudionor Chaves Anhanha, 288, com no M\u00e1ximo de participantes: 10 pessoas.\u00a0 Inscri\u00e7\u00f5es com Eliane, no Bar Santos.<\/p>\n<p>Neste curso vamos aprender a criar pe\u00e7as lindas e cheias de charme: Guirlanda de porta, Porta-canetas, Caneta ou l\u00e1pis decorado.<\/p>\n<p>Para a produ\u00e7\u00e3o das pe\u00e7as, \u00e9 necess\u00e1rio os seguintes materiais: um\u00a0l\u00e1pis ou caneta; \u00a0tesoura; agulha de costura; caixa de leite ou lata de Nescau (achocolatado).<\/p>\n<p>Criar \u00e9 transformar o simples em algo cheio de amor e significado. O evento uma Parceria Associa\u00e7\u00e3o da Olaria e Amigas Arteiras.<\/p>\n","protected":false},"excerpt":{"rendered":"<p>Promovido pelas Amigas Arteiras, o curso ocorre nos dias 13, 20 e 27 de maio, das 14h30 \u00e0s 17h, na \u00a0Rua Claudionor Chaves Anhanha, 288, com no M\u00e1ximo de participantes: 10 pessoas.\u00a0 Inscri\u00e7\u00f5es com Eliane, no Bar Santos. Neste curso vamos aprender a criar pe\u00e7as lindas e cheias de charme: Guirlanda de porta, Porta-canetas, Caneta &hellip; <a href=\"https:\/\/panoramalavrense.com.br\/noticias\/comunidade-curso-de-artesanato-na-comunidade-da-olaria-promovido-por-amigas-arteiras\/\" class=\"more-link\">Continue lendo <span class=\"screen-reader-text\">COMUNIDADE: Curso de Artesanato na Comunidade\u00a0da Olaria, promovido por Amigas Arteiras<\/span> <span class=\"meta-nav\">&rarr;<\/span><\/a><\/p>\n","protected":false},"author":1,"featured_media":0,"comment_status":"open","ping_status":"open","sticky":false,"template":"","format":"standard","meta":{"footnotes":""},"categories":[6,12],"tags":[],"class_list":["post-37","post","type-post","status-publish","format-standard","hentry","category-comunidade","category-eventos"],"_links":{"self":[{"href":"https:\/\/panoramalavrense.com.br\/noticias\/wp-json\/wp\/v2\/posts\/37","targetHints":{"allow":["GET"]}}],"collection":[{"href":"https:\/\/panoramalavrense.com.br\/noticias\/wp-json\/wp\/v2\/posts"}],"about":[{"href":"https:\/\/panoramalavrense.com.br\/noticias\/wp-json\/wp\/v2\/types\/post"}],"author":[{"embeddable":true,"href":"https:\/\/panoramalavrense.com.br\/noticias\/wp-json\/wp\/v2\/users\/1"}],"replies":[{"embeddable":true,"href":"https:\/\/panoramalavrense.com.br\/noticias\/wp-json\/wp\/v2\/comments?post=37"}],"version-history":[{"count":1,"href":"https:\/\/panoramalavrense.com.br\/noticias\/wp-json\/wp\/v2\/posts\/37\/revisions"}],"predecessor-version":[{"id":39,"href":"https:\/\/panoramalavrense.com.br\/noticias\/wp-json\/wp\/v2\/posts\/37\/revisions\/39"}],"wp:attachment":[{"href":"https:\/\/panoramalavrense.com.br\/noticias\/wp-json\/wp\/v2\/media?parent=37"}],"wp:term":[{"taxonomy":"category","embeddable":true,"href":"https:\/\/panoramalavrense.com.br\/noticias\/wp-json\/wp\/v2\/categories?post=37"},{"taxonomy":"post_tag","embeddable":true,"href":"https:\/\/panoramalavrense.com.br\/noticias\/wp-json\/wp\/v2\/tags?post=37"}],"curies":[{"name":"wp","href":"https:\/\/api.w.org\/{rel}","templated":true}]}}