{"id":42,"date":"2026-04-28T19:08:01","date_gmt":"2026-04-28T19:08:01","guid":{"rendered":"https:\/\/panoramalavrense.com.br\/noticias\/?p=42"},"modified":"2026-04-28T19:08:01","modified_gmt":"2026-04-28T19:08:01","slug":"rural-realizacao-do-primeiro-modulo-do-programa-de-turismo-rural-em-lavras-do-sul","status":"publish","type":"post","link":"https:\/\/panoramalavrense.com.br\/noticias\/rural-realizacao-do-primeiro-modulo-do-programa-de-turismo-rural-em-lavras-do-sul\/","title":{"rendered":"RURAL: Realiza\u00e7\u00e3o do primeiro m\u00f3dulo do Programa de Turismo Rural em Lavras do Sul"},"content":{"rendered":"<div class=\"xdj266r x14z9mp xat24cr x1lziwak x1vvkbs x126k92a\">\n<div dir=\"auto\">\n<figure id=\"attachment_43\" aria-describedby=\"caption-attachment-43\" style=\"width: 720px\" class=\"wp-caption aligncenter\"><a href=\"https:\/\/panoramalavrense.com.br\/noticias\/wp-content\/uploads\/2026\/04\/680747775_18266280010291836_5938309360658260271_n.jpg\"><img loading=\"lazy\" decoding=\"async\" class=\"size-full wp-image-43\" src=\"https:\/\/panoramalavrense.com.br\/noticias\/wp-content\/uploads\/2026\/04\/680747775_18266280010291836_5938309360658260271_n.jpg\" alt=\"\" width=\"720\" height=\"405\" srcset=\"https:\/\/panoramalavrense.com.br\/noticias\/wp-content\/uploads\/2026\/04\/680747775_18266280010291836_5938309360658260271_n.jpg 720w, https:\/\/panoramalavrense.com.br\/noticias\/wp-content\/uploads\/2026\/04\/680747775_18266280010291836_5938309360658260271_n-300x169.jpg 300w\" sizes=\"auto, (max-width: 720px) 100vw, 720px\" \/><\/a><figcaption id=\"caption-attachment-43\" class=\"wp-caption-text\">FONTE: Sindicato Rural de Lavras do Sul\/RS &#8211; Facebook<\/figcaption><\/figure>\n<p>No dia 22 de abril, teve in\u00edcio o primeiro m\u00f3dulo do Programa de Turismo Rural: Identifica\u00e7\u00e3o e Sele\u00e7\u00e3o de Oportunidades de Neg\u00f3cios, com atividades que se estenderam at\u00e9 o dia 25 (sexta-feira).<\/p><\/div>\n<div dir=\"auto\"><\/div>\n<\/div>\n<div class=\"x14z9mp xat24cr x1lziwak x1vvkbs xtlvy1s x126k92a\">\n<div dir=\"auto\">O programa tem como objetivo incentivar e orientar os produtores rurais na cria\u00e7\u00e3o de neg\u00f3cios voltados ao turismo rural, valorizando as voca\u00e7\u00f5es das propriedades e das fam\u00edlias, al\u00e9m de contribuir para a diversifica\u00e7\u00e3o das atividades e o aumento da renda no campo.<\/div>\n<\/div>\n<div class=\"x14z9mp xat24cr x1lziwak x1vvkbs xtlvy1s x126k92a\">\n<div dir=\"auto\">O primeiro dia iniciou com atividades te\u00f3ricas. J\u00e1 no segundo dia, come\u00e7aram as pr\u00e1ticas, com a primeira visita \u00e0 Escola do Cavalo, onde o grupo foi recebido por Natascha, Guilherme, Maurem e Tete.<\/div>\n<div dir=\"auto\"><\/div>\n<div dir=\"auto\">Na oportunidade, foi servido um caf\u00e9 preparado pela Tete e, na sequ\u00eancia, Natascha e Maurem apresentaram desde o manejo inicial &#8211; como pegar o cavalo e encilhar &#8211; at\u00e9 orienta\u00e7\u00f5es sobre montaria e condu\u00e7\u00e3o do animal.<\/div>\n<div dir=\"auto\"><\/div>\n<\/div>\n<div class=\"x14z9mp xat24cr x1lziwak x1vvkbs xtlvy1s x126k92a\">\n<div dir=\"auto\">Na parte da tarde, a visita foi ao Rinc\u00e3o do Soares, onde os participantes foram recebidos por Anderson e Rosimeire. Eles compartilharam como \u00e9 a vida no campo, destacando a organiza\u00e7\u00e3o da comunidade, na qual cada integrante contribui para o bom funcionamento do local, al\u00e9m da conex\u00e3o com a natureza.<\/div>\n<div dir=\"auto\"><\/div>\n<\/div>\n<div class=\"x14z9mp xat24cr x1lziwak x1vvkbs xtlvy1s x126k92a\">\n<div dir=\"auto\">No \u00faltimo dia do m\u00f3dulo, pela manh\u00e3, o grupo realizou a visita \u00e0 Pousada S\u00e3o Miguel Arcanjo, onde os participantes puderam conhecer o funcionamento do empreendimento e suas perspectivas.<\/div>\n<\/div>\n<div class=\"x14z9mp xat24cr x1lziwak x1vvkbs xtlvy1s x126k92a\">\n<div dir=\"auto\">Na sequ\u00eancia, as atividades foram finalizadas com a visita \u00e0 propriedade S\u00e3o Domingos, onde Jo\u00e3o Vitor apresentou todo o processo da carne, desde a produ\u00e7\u00e3o at\u00e9 a chegada ao consumidor, na Casa de Carnes Ouro do Pampa.<\/div>\n<div dir=\"auto\"><\/div>\n<\/div>\n<div class=\"x14z9mp xat24cr x1lziwak x1vvkbs xtlvy1s x126k92a\">\n<div dir=\"auto\">A iniciativa \u00e9 realizada em parceria com a Prefeitura Municipal de Lavras do Sul e o SENAR-RS.<\/div>\n<\/div>\n<div class=\"x14z9mp xat24cr x1lziwak x1vvkbs xtlvy1s x126k92a\">\n<div dir=\"auto\"><\/div>\n<div dir=\"auto\">O pr\u00f3ximo m\u00f3dulo do programa ser\u00e1 realizado em junho, com o tema Pousadas e Restaurantes, nos dias 15, 16 e 17.<\/div>\n<div dir=\"auto\"><\/div>\n<div dir=\"auto\">FONTE: Sindicato Rural de Lavras do Sul\/RS &#8211; Facebook<\/div>\n<\/div>\n","protected":false},"excerpt":{"rendered":"<p>No dia 22 de abril, teve in\u00edcio o primeiro m\u00f3dulo do Programa de Turismo Rural: Identifica\u00e7\u00e3o e Sele\u00e7\u00e3o de Oportunidades de Neg\u00f3cios, com atividades que se estenderam at\u00e9 o dia 25 (sexta-feira). O programa tem como objetivo incentivar e orientar os produtores rurais na cria\u00e7\u00e3o de neg\u00f3cios voltados ao turismo rural, valorizando as voca\u00e7\u00f5es das &hellip; <a href=\"https:\/\/panoramalavrense.com.br\/noticias\/rural-realizacao-do-primeiro-modulo-do-programa-de-turismo-rural-em-lavras-do-sul\/\" class=\"more-link\">Continue lendo <span class=\"screen-reader-text\">RURAL: Realiza\u00e7\u00e3o do primeiro m\u00f3dulo do Programa de Turismo Rural em Lavras do Sul<\/span> <span class=\"meta-nav\">&rarr;<\/span><\/a><\/p>\n","protected":false},"author":1,"featured_media":0,"comment_status":"open","ping_status":"open","sticky":false,"template":"","format":"standard","meta":{"footnotes":""},"categories":[12,17,15,16],"tags":[],"class_list":["post-42","post","type-post","status-publish","format-standard","hentry","category-eventos","category-potencialidades","category-rural","category-turismo"],"_links":{"self":[{"href":"https:\/\/panoramalavrense.com.br\/noticias\/wp-json\/wp\/v2\/posts\/42","targetHints":{"allow":["GET"]}}],"collection":[{"href":"https:\/\/panoramalavrense.com.br\/noticias\/wp-json\/wp\/v2\/posts"}],"about":[{"href":"https:\/\/panoramalavrense.com.br\/noticias\/wp-json\/wp\/v2\/types\/post"}],"author":[{"embeddable":true,"href":"https:\/\/panoramalavrense.com.br\/noticias\/wp-json\/wp\/v2\/users\/1"}],"replies":[{"embeddable":true,"href":"https:\/\/panoramalavrense.com.br\/noticias\/wp-json\/wp\/v2\/comments?post=42"}],"version-history":[{"count":1,"href":"https:\/\/panoramalavrense.com.br\/noticias\/wp-json\/wp\/v2\/posts\/42\/revisions"}],"predecessor-version":[{"id":44,"href":"https:\/\/panoramalavrense.com.br\/noticias\/wp-json\/wp\/v2\/posts\/42\/revisions\/44"}],"wp:attachment":[{"href":"https:\/\/panoramalavrense.com.br\/noticias\/wp-json\/wp\/v2\/media?parent=42"}],"wp:term":[{"taxonomy":"category","embeddable":true,"href":"https:\/\/panoramalavrense.com.br\/noticias\/wp-json\/wp\/v2\/categories?post=42"},{"taxonomy":"post_tag","embeddable":true,"href":"https:\/\/panoramalavrense.com.br\/noticias\/wp-json\/wp\/v2\/tags?post=42"}],"curies":[{"name":"wp","href":"https:\/\/api.w.org\/{rel}","templated":true}]}}