{"id":45,"date":"2026-04-28T20:25:10","date_gmt":"2026-04-28T20:25:10","guid":{"rendered":"https:\/\/panoramalavrense.com.br\/noticias\/?p=45"},"modified":"2026-04-28T20:25:10","modified_gmt":"2026-04-28T20:25:10","slug":"noticias-incendio-no-interior-de-lavras-do-sul-com-vitima-fatal","status":"publish","type":"post","link":"https:\/\/panoramalavrense.com.br\/noticias\/noticias-incendio-no-interior-de-lavras-do-sul-com-vitima-fatal\/","title":{"rendered":"NOT\u00cdCIAS: Inc\u00eandio no interior de Lavras do Sul com v\u00edtima fatal"},"content":{"rendered":"<div class=\"xdj266r x14z9mp xat24cr x1lziwak x1vvkbs x126k92a\">\n<div dir=\"auto\">\n<a href=\"https:\/\/panoramalavrense.com.br\/noticias\/wp-content\/uploads\/2026\/04\/685140193_122272588946062561_641361698785582476_n.jpg\"><img loading=\"lazy\" decoding=\"async\" class=\"aligncenter size-full wp-image-46\" src=\"https:\/\/panoramalavrense.com.br\/noticias\/wp-content\/uploads\/2026\/04\/685140193_122272588946062561_641361698785582476_n.jpg\" alt=\"\" width=\"1080\" height=\"1080\" srcset=\"https:\/\/panoramalavrense.com.br\/noticias\/wp-content\/uploads\/2026\/04\/685140193_122272588946062561_641361698785582476_n.jpg 1080w, https:\/\/panoramalavrense.com.br\/noticias\/wp-content\/uploads\/2026\/04\/685140193_122272588946062561_641361698785582476_n-300x300.jpg 300w, https:\/\/panoramalavrense.com.br\/noticias\/wp-content\/uploads\/2026\/04\/685140193_122272588946062561_641361698785582476_n-1024x1024.jpg 1024w, https:\/\/panoramalavrense.com.br\/noticias\/wp-content\/uploads\/2026\/04\/685140193_122272588946062561_641361698785582476_n-150x150.jpg 150w, https:\/\/panoramalavrense.com.br\/noticias\/wp-content\/uploads\/2026\/04\/685140193_122272588946062561_641361698785582476_n-768x768.jpg 768w\" sizes=\"auto, (max-width: 1080px) 100vw, 1080px\" \/><\/a><\/div>\n<div dir=\"auto\">Na madrugada desta ter\u00e7a-feira (28), por volta das 3h, um inc\u00eandio foi registrado na estrada de S\u00e3o Domingos, antes da sanga da Matilde, no interior do munic\u00edpio.<\/div>\n<div dir=\"auto\"><\/div>\n<div dir=\"auto\">A Brigada Militar foi acionada e, ao chegar ao local, encontrou um corpo carbonizado. A Pol\u00edcia Civil informou que, at\u00e9 o momento, n\u00e3o \u00e9 poss\u00edvel identificar a v\u00edtima devido ao estado em que foi encontrada. A identifica\u00e7\u00e3o depender\u00e1 do resultado do exame cadav\u00e9rico.<\/div>\n<div dir=\"auto\"><\/div>\n<\/div>\n<div class=\"x14z9mp xat24cr x1lziwak x1vvkbs xtlvy1s x126k92a\">\n<div dir=\"auto\">A per\u00edcia tamb\u00e9m esteve presente e trabalha para apurar as causas e circunst\u00e2ncias do inc\u00eandio. O caso segue em investiga\u00e7\u00e3o.<\/div>\n<\/div>\n<div dir=\"auto\"><\/div>\n<div dir=\"auto\">FONTE: Lavras Comercial \/ Facebook.<\/div>\n","protected":false},"excerpt":{"rendered":"<p>Na madrugada desta ter\u00e7a-feira (28), por volta das 3h, um inc\u00eandio foi registrado na estrada de S\u00e3o Domingos, antes da sanga da Matilde, no interior do munic\u00edpio. A Brigada Militar foi acionada e, ao chegar ao local, encontrou um corpo carbonizado. A Pol\u00edcia Civil informou que, at\u00e9 o momento, n\u00e3o \u00e9 poss\u00edvel identificar a v\u00edtima &hellip; <a href=\"https:\/\/panoramalavrense.com.br\/noticias\/noticias-incendio-no-interior-de-lavras-do-sul-com-vitima-fatal\/\" class=\"more-link\">Continue lendo <span class=\"screen-reader-text\">NOT\u00cdCIAS: Inc\u00eandio no interior de Lavras do Sul com v\u00edtima fatal<\/span> <span class=\"meta-nav\">&rarr;<\/span><\/a><\/p>\n","protected":false},"author":1,"featured_media":0,"comment_status":"open","ping_status":"open","sticky":false,"template":"","format":"standard","meta":{"footnotes":""},"categories":[3],"tags":[],"class_list":["post-45","post","type-post","status-publish","format-standard","hentry","category-noticias"],"_links":{"self":[{"href":"https:\/\/panoramalavrense.com.br\/noticias\/wp-json\/wp\/v2\/posts\/45","targetHints":{"allow":["GET"]}}],"collection":[{"href":"https:\/\/panoramalavrense.com.br\/noticias\/wp-json\/wp\/v2\/posts"}],"about":[{"href":"https:\/\/panoramalavrense.com.br\/noticias\/wp-json\/wp\/v2\/types\/post"}],"author":[{"embeddable":true,"href":"https:\/\/panoramalavrense.com.br\/noticias\/wp-json\/wp\/v2\/users\/1"}],"replies":[{"embeddable":true,"href":"https:\/\/panoramalavrense.com.br\/noticias\/wp-json\/wp\/v2\/comments?post=45"}],"version-history":[{"count":1,"href":"https:\/\/panoramalavrense.com.br\/noticias\/wp-json\/wp\/v2\/posts\/45\/revisions"}],"predecessor-version":[{"id":47,"href":"https:\/\/panoramalavrense.com.br\/noticias\/wp-json\/wp\/v2\/posts\/45\/revisions\/47"}],"wp:attachment":[{"href":"https:\/\/panoramalavrense.com.br\/noticias\/wp-json\/wp\/v2\/media?parent=45"}],"wp:term":[{"taxonomy":"category","embeddable":true,"href":"https:\/\/panoramalavrense.com.br\/noticias\/wp-json\/wp\/v2\/categories?post=45"},{"taxonomy":"post_tag","embeddable":true,"href":"https:\/\/panoramalavrense.com.br\/noticias\/wp-json\/wp\/v2\/tags?post=45"}],"curies":[{"name":"wp","href":"https:\/\/api.w.org\/{rel}","templated":true}]}}