{"id":48,"date":"2026-04-29T01:44:20","date_gmt":"2026-04-29T01:44:20","guid":{"rendered":"https:\/\/panoramalavrense.com.br\/noticias\/?p=48"},"modified":"2026-04-29T01:44:20","modified_gmt":"2026-04-29T01:44:20","slug":"rural-nova-unidade-da-cotrisul-em-lavras-do-sul-recebe-primeira-carga-de-soja","status":"publish","type":"post","link":"https:\/\/panoramalavrense.com.br\/noticias\/rural-nova-unidade-da-cotrisul-em-lavras-do-sul-recebe-primeira-carga-de-soja\/","title":{"rendered":"RURAL: Nova unidade da Cotrisul em Lavras do Sul recebe primeira carga de soja"},"content":{"rendered":"<p><a href=\"https:\/\/panoramalavrense.com.br\/noticias\/wp-content\/uploads\/2026\/04\/unnamed-3.jpg\"><img loading=\"lazy\" decoding=\"async\" class=\"aligncenter size-full wp-image-49\" src=\"https:\/\/panoramalavrense.com.br\/noticias\/wp-content\/uploads\/2026\/04\/unnamed-3.jpg\" alt=\"\" width=\"900\" height=\"1600\" srcset=\"https:\/\/panoramalavrense.com.br\/noticias\/wp-content\/uploads\/2026\/04\/unnamed-3.jpg 900w, https:\/\/panoramalavrense.com.br\/noticias\/wp-content\/uploads\/2026\/04\/unnamed-3-169x300.jpg 169w, https:\/\/panoramalavrense.com.br\/noticias\/wp-content\/uploads\/2026\/04\/unnamed-3-576x1024.jpg 576w, https:\/\/panoramalavrense.com.br\/noticias\/wp-content\/uploads\/2026\/04\/unnamed-3-768x1365.jpg 768w, https:\/\/panoramalavrense.com.br\/noticias\/wp-content\/uploads\/2026\/04\/unnamed-3-864x1536.jpg 864w\" sizes=\"auto, (max-width: 900px) 100vw, 900px\" \/><\/a><\/p>\n<p>FOTO: Divulga\u00e7\u00e3o<\/p>\n<p>Nova unidade Cotrisul recebe primeira carga de soja<\/p>\n<p>Armaz\u00e9ns da unidade Lavras II, em Lavras do Sul, entraram em opera\u00e7\u00e3o parcial nessa semana<\/p>\n<p>Ao acionar o tombador para a descarga de soja, na tarde dessa segunda-feira, 27 de abril, o presidente da Cotrisul, Gilberto Dickel da Fontoura, deu in\u00edcio a um novo cap\u00edtulo da cooperativa na regi\u00e3o da Campanha. O ato simb\u00f3lico ocorreu sem a pompa de uma cerim\u00f4nia de inaugura\u00e7\u00e3o, j\u00e1 que a estrutura de silos da unidade ainda n\u00e3o est\u00e1 conclu\u00edda.<\/p>\n<p>Cumprindo o compromisso assumido com os cooperados da regi\u00e3o, a unidade Lavras II entrou em funcionamento parcial na safra 2026 e vai ajudar a melhorar o fluxo de descarga de gr\u00e3os na unidade Cotrisul de Lavras do Sul. O novo armaz\u00e9m \u00e9 uma demanda antiga dos produtores de Lavras do Sul e localidades pr\u00f3ximas, nos munic\u00edpios de Bag\u00e9 e Dom Pedrito.<\/p>\n<p>Lavras II j\u00e1 est\u00e1 com a estrutura de descarga pronta, com capacidade de descarregar 500 toneladas de gr\u00e3os por hora. Entretanto, a capacidade est\u00e1tica inicial \u00e9 de 12 mil toneladas de gr\u00e3os. Quando conclu\u00edda, a obra ter\u00e1 capacidade para 32 mil toneladas (o equivalente a 500 mil sacos de soja), em estrutura semelhante a instalada pela Cotrisul na unidade Contrato (inaugurada em Santana da Boa Vista em fevereiro de 2024).<\/p>\n<p>Como explica o diretor de Neg\u00f3cios, Erivelton Marques, o acesso \u00e0 nova unidade est\u00e1 sendo coordenado pela cooperativa a partir da unidade antiga. &#8220;Os produtores que se dirigem a Cotrisul em Lavras do Sul para a descarga devem seguir se dirigindo at\u00e9 a unidade da avenida Coronel Galv\u00e3o e, de l\u00e1, o encarregado pode orientar a descarga no novo armaz\u00e9m&#8221;, detalhou.<\/p>\n<p>O investimento na nova unidade de Lavras do Sul foi anunciado em 2022 e estimado em mais de R$ 35 milh\u00f5es. At\u00e9 a presente etapa, a cooperativa tem realizado as obras com recursos pr\u00f3prios, mas busca financiamento que permita acelerar a conclus\u00e3o.<\/p>\n<p>A organiza\u00e7\u00e3o cooperativista, fundada em Ca\u00e7apava do Sul em 1960, est\u00e1 presente em Lavras do Sul desde 1988. Naquele ano, foi conclu\u00edda a incorpora\u00e7\u00e3o da Cooperativa Trit\u00edcola Ibar\u00e9. Atualmente, a Cotrisul tamb\u00e9m possui armaz\u00e9ns em Ca\u00e7apava do Sul, Cachoeira do Sul, Santana da Boa Vista e Piratini, que atendem a mais de 2,5 mil associados nas regi\u00f5es Centro, Sul e Campanha Ga\u00facha.<\/p>\n<p><strong>FONTE: Clarisse de Freitas \/\u00a0<\/strong><strong>Assessoria de Imprensa.<\/strong><\/p>\n","protected":false},"excerpt":{"rendered":"<p>FOTO: Divulga\u00e7\u00e3o Nova unidade Cotrisul recebe primeira carga de soja Armaz\u00e9ns da unidade Lavras II, em Lavras do Sul, entraram em opera\u00e7\u00e3o parcial nessa semana Ao acionar o tombador para a descarga de soja, na tarde dessa segunda-feira, 27 de abril, o presidente da Cotrisul, Gilberto Dickel da Fontoura, deu in\u00edcio a um novo cap\u00edtulo &hellip; <a href=\"https:\/\/panoramalavrense.com.br\/noticias\/rural-nova-unidade-da-cotrisul-em-lavras-do-sul-recebe-primeira-carga-de-soja\/\" class=\"more-link\">Continue lendo <span class=\"screen-reader-text\">RURAL: Nova unidade da Cotrisul em Lavras do Sul recebe primeira carga de soja<\/span> <span class=\"meta-nav\">&rarr;<\/span><\/a><\/p>\n","protected":false},"author":1,"featured_media":0,"comment_status":"open","ping_status":"open","sticky":false,"template":"","format":"standard","meta":{"footnotes":""},"categories":[3,15],"tags":[],"class_list":["post-48","post","type-post","status-publish","format-standard","hentry","category-noticias","category-rural"],"_links":{"self":[{"href":"https:\/\/panoramalavrense.com.br\/noticias\/wp-json\/wp\/v2\/posts\/48","targetHints":{"allow":["GET"]}}],"collection":[{"href":"https:\/\/panoramalavrense.com.br\/noticias\/wp-json\/wp\/v2\/posts"}],"about":[{"href":"https:\/\/panoramalavrense.com.br\/noticias\/wp-json\/wp\/v2\/types\/post"}],"author":[{"embeddable":true,"href":"https:\/\/panoramalavrense.com.br\/noticias\/wp-json\/wp\/v2\/users\/1"}],"replies":[{"embeddable":true,"href":"https:\/\/panoramalavrense.com.br\/noticias\/wp-json\/wp\/v2\/comments?post=48"}],"version-history":[{"count":1,"href":"https:\/\/panoramalavrense.com.br\/noticias\/wp-json\/wp\/v2\/posts\/48\/revisions"}],"predecessor-version":[{"id":50,"href":"https:\/\/panoramalavrense.com.br\/noticias\/wp-json\/wp\/v2\/posts\/48\/revisions\/50"}],"wp:attachment":[{"href":"https:\/\/panoramalavrense.com.br\/noticias\/wp-json\/wp\/v2\/media?parent=48"}],"wp:term":[{"taxonomy":"category","embeddable":true,"href":"https:\/\/panoramalavrense.com.br\/noticias\/wp-json\/wp\/v2\/categories?post=48"},{"taxonomy":"post_tag","embeddable":true,"href":"https:\/\/panoramalavrense.com.br\/noticias\/wp-json\/wp\/v2\/tags?post=48"}],"curies":[{"name":"wp","href":"https:\/\/api.w.org\/{rel}","templated":true}]}}