{"id":51,"date":"2026-04-29T02:06:06","date_gmt":"2026-04-29T02:06:06","guid":{"rendered":"https:\/\/panoramalavrense.com.br\/noticias\/?p=51"},"modified":"2026-04-29T02:06:06","modified_gmt":"2026-04-29T02:06:06","slug":"educacao-lab-maker-da-emef-dr-claudio-teixeira-bulcao","status":"publish","type":"post","link":"https:\/\/panoramalavrense.com.br\/noticias\/educacao-lab-maker-da-emef-dr-claudio-teixeira-bulcao\/","title":{"rendered":"EDUCA\u00c7\u00c3O: Lab Maker da EMEF Dr. Cl\u00e1udio Teixeira Bulc\u00e3o"},"content":{"rendered":"<p><iframe loading=\"lazy\" style=\"border: none; overflow: hidden;\" src=\"https:\/\/www.facebook.com\/plugins\/video.php?height=476&amp;href=https%3A%2F%2Fwww.facebook.com%2Freel%2F1458922719362878%2F&amp;show_text=true&amp;width=267&amp;t=0\" width=\"267\" height=\"591\" frameborder=\"0\" scrolling=\"no\" allowfullscreen=\"allowfullscreen\"><\/iframe><\/p>\n<p>Os estudantes da Escola Municipal de Ensino Fundamental Dr. Cl\u00e1udio Teixeira Bulc\u00e3o agora tem um espa\u00e7o para inova\u00e7\u00e3o e criatividade: o Lab Maker.<\/p>\n<p>A iniciativa lavrense atravessou fronteiras e foi demonstrada em Bras\u00edlia, em\u00a0 grande evento nacional de ci\u00eancia na escola, no m\u00eas de mar\u00e7o de 2026, com as representantes da escola, a aluna Raquel Sim\u00f5es e a professora Jeruza Petrarca.<\/p>\n<p>Desejamos uma longa vida a este bel\u00edssimo projeto, em prol dos jovens e crian\u00e7as de nosso munic\u00edpio.<\/p>\n","protected":false},"excerpt":{"rendered":"<p>Os estudantes da Escola Municipal de Ensino Fundamental Dr. Cl\u00e1udio Teixeira Bulc\u00e3o agora tem um espa\u00e7o para inova\u00e7\u00e3o e criatividade: o Lab Maker. A iniciativa lavrense atravessou fronteiras e foi demonstrada em Bras\u00edlia, em\u00a0 grande evento nacional de ci\u00eancia na escola, no m\u00eas de mar\u00e7o de 2026, com as representantes da escola, a aluna Raquel &hellip; <a href=\"https:\/\/panoramalavrense.com.br\/noticias\/educacao-lab-maker-da-emef-dr-claudio-teixeira-bulcao\/\" class=\"more-link\">Continue lendo <span class=\"screen-reader-text\">EDUCA\u00c7\u00c3O: Lab Maker da EMEF Dr. Cl\u00e1udio Teixeira Bulc\u00e3o<\/span> <span class=\"meta-nav\">&rarr;<\/span><\/a><\/p>\n","protected":false},"author":1,"featured_media":52,"comment_status":"open","ping_status":"open","sticky":false,"template":"","format":"standard","meta":{"footnotes":""},"categories":[14,2],"tags":[],"class_list":["post-51","post","type-post","status-publish","format-standard","has-post-thumbnail","hentry","category-educacao","category-talentos-lavrenses"],"_links":{"self":[{"href":"https:\/\/panoramalavrense.com.br\/noticias\/wp-json\/wp\/v2\/posts\/51","targetHints":{"allow":["GET"]}}],"collection":[{"href":"https:\/\/panoramalavrense.com.br\/noticias\/wp-json\/wp\/v2\/posts"}],"about":[{"href":"https:\/\/panoramalavrense.com.br\/noticias\/wp-json\/wp\/v2\/types\/post"}],"author":[{"embeddable":true,"href":"https:\/\/panoramalavrense.com.br\/noticias\/wp-json\/wp\/v2\/users\/1"}],"replies":[{"embeddable":true,"href":"https:\/\/panoramalavrense.com.br\/noticias\/wp-json\/wp\/v2\/comments?post=51"}],"version-history":[{"count":1,"href":"https:\/\/panoramalavrense.com.br\/noticias\/wp-json\/wp\/v2\/posts\/51\/revisions"}],"predecessor-version":[{"id":53,"href":"https:\/\/panoramalavrense.com.br\/noticias\/wp-json\/wp\/v2\/posts\/51\/revisions\/53"}],"wp:featuredmedia":[{"embeddable":true,"href":"https:\/\/panoramalavrense.com.br\/noticias\/wp-json\/wp\/v2\/media\/52"}],"wp:attachment":[{"href":"https:\/\/panoramalavrense.com.br\/noticias\/wp-json\/wp\/v2\/media?parent=51"}],"wp:term":[{"taxonomy":"category","embeddable":true,"href":"https:\/\/panoramalavrense.com.br\/noticias\/wp-json\/wp\/v2\/categories?post=51"},{"taxonomy":"post_tag","embeddable":true,"href":"https:\/\/panoramalavrense.com.br\/noticias\/wp-json\/wp\/v2\/tags?post=51"}],"curies":[{"name":"wp","href":"https:\/\/api.w.org\/{rel}","templated":true}]}}