{"id":54,"date":"2026-04-29T17:44:52","date_gmt":"2026-04-29T17:44:52","guid":{"rendered":"https:\/\/panoramalavrense.com.br\/noticias\/?p=54"},"modified":"2026-04-29T17:44:52","modified_gmt":"2026-04-29T17:44:52","slug":"rural-macanudo-brilha-em-esteio","status":"publish","type":"post","link":"https:\/\/panoramalavrense.com.br\/noticias\/rural-macanudo-brilha-em-esteio\/","title":{"rendered":"RURAL: Macanudo brilha em Esteio"},"content":{"rendered":"<p>A Cabanha Macanudo fez bonito no Bocal de Ouro, a principal classificat\u00f3ria \u00e0 final do Freio de Ouro. A cabanha lavrense participou com 4 animais, e 3 deles foram finalistas. O grande destaque foi SOMBRERO DO MACANUDO, que liderou quase toda a disputa, e ao final ficou com o Bocal de Prata. As \u00e9guas Sacudida II e Ranc\u00e1gua do Macanudo ficaram como reservas, e podem tamb\u00e9m garantir a vaga na final do Freio de Ouro. Nossa cidade esteve muito bem representada no evento, e certamente tamb\u00e9m ser\u00e1 na grande final que ocorrer\u00e1 durante a Expointer.<\/p>\n<div style=\"width: 474px;\" class=\"wp-video\"><video class=\"wp-video-shortcode\" id=\"video-54-1\" width=\"474\" height=\"843\" preload=\"metadata\" controls=\"controls\"><source type=\"video\/mp4\" src=\"https:\/\/panoramalavrense.com.br\/noticias\/wp-content\/uploads\/2026\/04\/AQNbpSpeflSN0OfUX3xb2OvOfvi8qVsD051p7QUkO4LH8eZIBj4YhLlI9P2PyyINi3o-w4tM_I63bWWmbW51EVcRLyXqzKNMlkynind0vw.mp4?_=1\" \/><a href=\"https:\/\/panoramalavrense.com.br\/noticias\/wp-content\/uploads\/2026\/04\/AQNbpSpeflSN0OfUX3xb2OvOfvi8qVsD051p7QUkO4LH8eZIBj4YhLlI9P2PyyINi3o-w4tM_I63bWWmbW51EVcRLyXqzKNMlkynind0vw.mp4\">https:\/\/panoramalavrense.com.br\/noticias\/wp-content\/uploads\/2026\/04\/AQNbpSpeflSN0OfUX3xb2OvOfvi8qVsD051p7QUkO4LH8eZIBj4YhLlI9P2PyyINi3o-w4tM_I63bWWmbW51EVcRLyXqzKNMlkynind0vw.mp4<\/a><\/video><\/div>\n<p>V\u00eddeo: Jacson Castro Fotografia<\/p>\n<p>Fonte: Mat\u00e9ria gentilmente cedida por Mauro Ferreira.<\/p>\n","protected":false},"excerpt":{"rendered":"<p>A Cabanha Macanudo fez bonito no Bocal de Ouro, a principal classificat\u00f3ria \u00e0 final do Freio de Ouro. A cabanha lavrense participou com 4 animais, e 3 deles foram finalistas. O grande destaque foi SOMBRERO DO MACANUDO, que liderou quase toda a disputa, e ao final ficou com o Bocal de Prata. As \u00e9guas Sacudida &hellip; <a href=\"https:\/\/panoramalavrense.com.br\/noticias\/rural-macanudo-brilha-em-esteio\/\" class=\"more-link\">Continue lendo <span class=\"screen-reader-text\">RURAL: Macanudo brilha em Esteio<\/span> <span class=\"meta-nav\">&rarr;<\/span><\/a><\/p>\n","protected":false},"author":1,"featured_media":0,"comment_status":"open","ping_status":"open","sticky":false,"template":"","format":"standard","meta":{"footnotes":""},"categories":[15],"tags":[],"class_list":["post-54","post","type-post","status-publish","format-standard","hentry","category-rural"],"_links":{"self":[{"href":"https:\/\/panoramalavrense.com.br\/noticias\/wp-json\/wp\/v2\/posts\/54","targetHints":{"allow":["GET"]}}],"collection":[{"href":"https:\/\/panoramalavrense.com.br\/noticias\/wp-json\/wp\/v2\/posts"}],"about":[{"href":"https:\/\/panoramalavrense.com.br\/noticias\/wp-json\/wp\/v2\/types\/post"}],"author":[{"embeddable":true,"href":"https:\/\/panoramalavrense.com.br\/noticias\/wp-json\/wp\/v2\/users\/1"}],"replies":[{"embeddable":true,"href":"https:\/\/panoramalavrense.com.br\/noticias\/wp-json\/wp\/v2\/comments?post=54"}],"version-history":[{"count":1,"href":"https:\/\/panoramalavrense.com.br\/noticias\/wp-json\/wp\/v2\/posts\/54\/revisions"}],"predecessor-version":[{"id":56,"href":"https:\/\/panoramalavrense.com.br\/noticias\/wp-json\/wp\/v2\/posts\/54\/revisions\/56"}],"wp:attachment":[{"href":"https:\/\/panoramalavrense.com.br\/noticias\/wp-json\/wp\/v2\/media?parent=54"}],"wp:term":[{"taxonomy":"category","embeddable":true,"href":"https:\/\/panoramalavrense.com.br\/noticias\/wp-json\/wp\/v2\/categories?post=54"},{"taxonomy":"post_tag","embeddable":true,"href":"https:\/\/panoramalavrense.com.br\/noticias\/wp-json\/wp\/v2\/tags?post=54"}],"curies":[{"name":"wp","href":"https:\/\/api.w.org\/{rel}","templated":true}]}}