{"id":57,"date":"2026-04-29T17:53:47","date_gmt":"2026-04-29T17:53:47","guid":{"rendered":"https:\/\/panoramalavrense.com.br\/noticias\/?p=57"},"modified":"2026-04-29T18:01:38","modified_gmt":"2026-04-29T18:01:38","slug":"eventos-show-mundo-kids-no-clube-comercial","status":"publish","type":"post","link":"https:\/\/panoramalavrense.com.br\/noticias\/eventos-show-mundo-kids-no-clube-comercial\/","title":{"rendered":"EVENTOS: Show Mundo Kids no Clube Comercial"},"content":{"rendered":"<p><a href=\"https:\/\/panoramalavrense.com.br\/noticias\/wp-content\/uploads\/2026\/04\/683032138_935673162418492_3936270450741009866_n.jpg\"><img loading=\"lazy\" decoding=\"async\" class=\"aligncenter size-full wp-image-58\" src=\"https:\/\/panoramalavrense.com.br\/noticias\/wp-content\/uploads\/2026\/04\/683032138_935673162418492_3936270450741009866_n.jpg\" alt=\"\" width=\"1448\" height=\"2048\" srcset=\"https:\/\/panoramalavrense.com.br\/noticias\/wp-content\/uploads\/2026\/04\/683032138_935673162418492_3936270450741009866_n.jpg 1448w, https:\/\/panoramalavrense.com.br\/noticias\/wp-content\/uploads\/2026\/04\/683032138_935673162418492_3936270450741009866_n-212x300.jpg 212w, https:\/\/panoramalavrense.com.br\/noticias\/wp-content\/uploads\/2026\/04\/683032138_935673162418492_3936270450741009866_n-724x1024.jpg 724w, https:\/\/panoramalavrense.com.br\/noticias\/wp-content\/uploads\/2026\/04\/683032138_935673162418492_3936270450741009866_n-768x1086.jpg 768w, https:\/\/panoramalavrense.com.br\/noticias\/wp-content\/uploads\/2026\/04\/683032138_935673162418492_3936270450741009866_n-1086x1536.jpg 1086w\" sizes=\"auto, (max-width: 1448px) 100vw, 1448px\" \/><\/a><\/p>\n<p>Nos dias 1\u00ba (\u00e0s 17h) e 2 de maio (\u00e0s 19h), no Clube Comercial, acontecer\u00e1 o Circo Show Mundo Kids, no Clube Comercial de Lavras do Sul. Uma excelente atra\u00e7\u00e3o para toda a fam\u00edlia.<\/p>\n<p>Ingresso \u00fanico a R$ 15. Mais informa\u00e7\u00f5es em breve.<\/p>\n<p>FONTE: Julio Queiroz \/ Facebook.<\/p>\n","protected":false},"excerpt":{"rendered":"<p>Nos dias 1\u00ba (\u00e0s 17h) e 2 de maio (\u00e0s 19h), no Clube Comercial, acontecer\u00e1 o Circo Show Mundo Kids, no Clube Comercial de Lavras do Sul. Uma excelente atra\u00e7\u00e3o para toda a fam\u00edlia. Ingresso \u00fanico a R$ 15. Mais informa\u00e7\u00f5es em breve. FONTE: Julio Queiroz \/ Facebook.<\/p>\n","protected":false},"author":1,"featured_media":0,"comment_status":"open","ping_status":"open","sticky":false,"template":"","format":"standard","meta":{"footnotes":""},"categories":[19,18,12],"tags":[],"class_list":["post-57","post","type-post","status-publish","format-standard","hentry","category-clube-comercial","category-esporte-e-lazer","category-eventos"],"_links":{"self":[{"href":"https:\/\/panoramalavrense.com.br\/noticias\/wp-json\/wp\/v2\/posts\/57","targetHints":{"allow":["GET"]}}],"collection":[{"href":"https:\/\/panoramalavrense.com.br\/noticias\/wp-json\/wp\/v2\/posts"}],"about":[{"href":"https:\/\/panoramalavrense.com.br\/noticias\/wp-json\/wp\/v2\/types\/post"}],"author":[{"embeddable":true,"href":"https:\/\/panoramalavrense.com.br\/noticias\/wp-json\/wp\/v2\/users\/1"}],"replies":[{"embeddable":true,"href":"https:\/\/panoramalavrense.com.br\/noticias\/wp-json\/wp\/v2\/comments?post=57"}],"version-history":[{"count":2,"href":"https:\/\/panoramalavrense.com.br\/noticias\/wp-json\/wp\/v2\/posts\/57\/revisions"}],"predecessor-version":[{"id":61,"href":"https:\/\/panoramalavrense.com.br\/noticias\/wp-json\/wp\/v2\/posts\/57\/revisions\/61"}],"wp:attachment":[{"href":"https:\/\/panoramalavrense.com.br\/noticias\/wp-json\/wp\/v2\/media?parent=57"}],"wp:term":[{"taxonomy":"category","embeddable":true,"href":"https:\/\/panoramalavrense.com.br\/noticias\/wp-json\/wp\/v2\/categories?post=57"},{"taxonomy":"post_tag","embeddable":true,"href":"https:\/\/panoramalavrense.com.br\/noticias\/wp-json\/wp\/v2\/tags?post=57"}],"curies":[{"name":"wp","href":"https:\/\/api.w.org\/{rel}","templated":true}]}}